{"id":881,"date":"2024-05-19T14:00:58","date_gmt":"2024-05-19T12:00:58","guid":{"rendered":"https:\/\/french-african.org\/?p=881"},"modified":"2025-02-03T12:54:55","modified_gmt":"2025-02-03T11:54:55","slug":"le-palmares-2023-des-young-leaders-de-la-french-african-foundation-devoile","status":"publish","type":"post","link":"https:\/\/french-african.org\/en\/le-palmares-2023-des-young-leaders-de-la-french-african-foundation-devoile\/","title":{"rendered":"The 2023 Young Leaders of the French-African Foundation announced!"},"content":{"rendered":"<p>Le 16 mai, la French-African Foundation (FAF) a pr\u00e9sent\u00e9 les 30 laur\u00e9ats du programme Young Leaders 2023, lors du Forum Europe-Afrique organis\u00e9 par le groupe La Tribune, \u00e0 Marseille. H\u00e9t\u00e9roclite et paritaire, ce palmar\u00e8s r\u00e9v\u00e8le les derni\u00e8res p\u00e9pites d&rsquo;une initiative plac\u00e9e cette ann\u00e9e sous le double patronage de l&rsquo;\u00c9lys\u00e9e et de la pr\u00e9sidence du Rwanda.<\/p>","protected":false},"excerpt":{"rendered":"<p>Le 16 mai, la French-African Foundation (FAF) a pr\u00e9sent\u00e9 les 30 laur\u00e9ats du programme Young Leaders 2023, lors du Forum Europe-Afrique organis\u00e9 par le groupe La Tribune, \u00e0 Marseille. H\u00e9t\u00e9roclite et paritaire, ce palmar\u00e8s r\u00e9v\u00e8le les derni\u00e8res p\u00e9pites d&rsquo;une initiative plac\u00e9e cette ann\u00e9e sous le double patronage de l&rsquo;\u00c9lys\u00e9e et de la pr\u00e9sidence du Rwanda.<\/p>","protected":false},"author":3,"featured_media":883,"comment_status":"open","ping_status":"open","sticky":false,"template":"","format":"standard","meta":{"_acf_changed":false,"inline_featured_image":false,"footnotes":""},"categories":[1],"tags":[3],"class_list":["post-881","post","type-post","status-publish","format-standard","has-post-thumbnail","hentry","category-non-classe","tag-presse","entry"],"acf":[],"yoast_head":"<!-- This site is optimized with the Yoast SEO plugin v25.0 - https:\/\/yoast.com\/wordpress\/plugins\/seo\/ -->\n<title>Le palmar\u00e8s 2023 des Young Leaders de la French-African Foundation d\u00e9voil\u00e9 ! - French African Foundation<\/title>\n<meta name=\"robots\" content=\"index, follow, max-snippet:-1, max-image-preview:large, max-video-preview:-1\" \/>\n<link rel=\"canonical\" href=\"https:\/\/french-african.org\/en\/le-palmares-2023-des-young-leaders-de-la-french-african-foundation-devoile\/\" \/>\n<meta property=\"og:locale\" content=\"en_US\" \/>\n<meta property=\"og:type\" content=\"article\" \/>\n<meta property=\"og:title\" content=\"Le palmar\u00e8s 2023 des Young Leaders de la French-African Foundation d\u00e9voil\u00e9 ! - French African Foundation\" \/>\n<meta property=\"og:description\" content=\"Le 16 mai, la French-African Foundation (FAF) a pr\u00e9sent\u00e9 les 30 laur\u00e9ats du programme Young Leaders 2023, lors du Forum Europe-Afrique organis\u00e9 par le groupe La Tribune, \u00e0 Marseille. H\u00e9t\u00e9roclite et paritaire, ce palmar\u00e8s r\u00e9v\u00e8le les derni\u00e8res p\u00e9pites d&rsquo;une initiative plac\u00e9e cette ann\u00e9e sous le double patronage de l&rsquo;\u00c9lys\u00e9e et de la pr\u00e9sidence du Rwanda.\" \/>\n<meta property=\"og:url\" content=\"https:\/\/french-african.org\/en\/le-palmares-2023-des-young-leaders-de-la-french-african-foundation-devoile\/\" \/>\n<meta property=\"og:site_name\" content=\"French African Foundation\" \/>\n<meta property=\"article:published_time\" content=\"2024-05-19T12:00:58+00:00\" \/>\n<meta property=\"article:modified_time\" content=\"2025-02-03T11:54:55+00:00\" \/>\n<meta property=\"og:image\" content=\"https:\/\/french-african.org\/wp-content\/uploads\/2025\/01\/youg-leaders-french-african-foundation.png\" \/>\n\t<meta property=\"og:image:width\" content=\"664\" \/>\n\t<meta property=\"og:image:height\" content=\"306\" \/>\n\t<meta property=\"og:image:type\" content=\"image\/png\" \/>\n<meta name=\"author\" content=\"Constance Chanou\" \/>\n<meta name=\"twitter:card\" content=\"summary_large_image\" \/>\n<meta name=\"twitter:creator\" content=\"@french_african\" \/>\n<meta name=\"twitter:site\" content=\"@french_african\" \/>\n<meta name=\"twitter:label1\" content=\"Written by\" \/>\n\t<meta name=\"twitter:data1\" content=\"Constance Chanou\" \/>\n\t<meta name=\"twitter:label2\" content=\"Est. reading time\" \/>\n\t<meta name=\"twitter:data2\" content=\"1 minute\" \/>\n<script type=\"application\/ld+json\" class=\"yoast-schema-graph\">{\"@context\":\"https:\/\/schema.org\",\"@graph\":[{\"@type\":\"Article\",\"@id\":\"https:\/\/french-african.org\/le-palmares-2023-des-young-leaders-de-la-french-african-foundation-devoile\/#article\",\"isPartOf\":{\"@id\":\"https:\/\/french-african.org\/le-palmares-2023-des-young-leaders-de-la-french-african-foundation-devoile\/\"},\"author\":{\"name\":\"Constance Chanou\",\"@id\":\"https:\/\/french-african.org\/#\/schema\/person\/b3ebf0a7161804733626ea25a8ab8854\"},\"headline\":\"Le palmar\u00e8s 2023 des Young Leaders de la French-African Foundation d\u00e9voil\u00e9 !\",\"datePublished\":\"2024-05-19T12:00:58+00:00\",\"dateModified\":\"2025-02-03T11:54:55+00:00\",\"mainEntityOfPage\":{\"@id\":\"https:\/\/french-african.org\/le-palmares-2023-des-young-leaders-de-la-french-african-foundation-devoile\/\"},\"wordCount\":78,\"commentCount\":0,\"publisher\":{\"@id\":\"https:\/\/french-african.org\/#organization\"},\"image\":{\"@id\":\"https:\/\/french-african.org\/le-palmares-2023-des-young-leaders-de-la-french-african-foundation-devoile\/#primaryimage\"},\"thumbnailUrl\":\"https:\/\/french-african.org\/wp-content\/uploads\/2025\/01\/youg-leaders-french-african-foundation.png\",\"keywords\":[\"Presse\"],\"articleSection\":[\"Non class\u00e9\"],\"inLanguage\":\"en-US\"},{\"@type\":\"WebPage\",\"@id\":\"https:\/\/french-african.org\/le-palmares-2023-des-young-leaders-de-la-french-african-foundation-devoile\/\",\"url\":\"https:\/\/french-african.org\/le-palmares-2023-des-young-leaders-de-la-french-african-foundation-devoile\/\",\"name\":\"Le palmar\u00e8s 2023 des Young Leaders de la French-African Foundation d\u00e9voil\u00e9 ! - French African Foundation\",\"isPartOf\":{\"@id\":\"https:\/\/french-african.org\/#website\"},\"primaryImageOfPage\":{\"@id\":\"https:\/\/french-african.org\/le-palmares-2023-des-young-leaders-de-la-french-african-foundation-devoile\/#primaryimage\"},\"image\":{\"@id\":\"https:\/\/french-african.org\/le-palmares-2023-des-young-leaders-de-la-french-african-foundation-devoile\/#primaryimage\"},\"thumbnailUrl\":\"https:\/\/french-african.org\/wp-content\/uploads\/2025\/01\/youg-leaders-french-african-foundation.png\",\"datePublished\":\"2024-05-19T12:00:58+00:00\",\"dateModified\":\"2025-02-03T11:54:55+00:00\",\"breadcrumb\":{\"@id\":\"https:\/\/french-african.org\/le-palmares-2023-des-young-leaders-de-la-french-african-foundation-devoile\/#breadcrumb\"},\"inLanguage\":\"en-US\",\"potentialAction\":[{\"@type\":\"ReadAction\",\"target\":[\"https:\/\/french-african.org\/le-palmares-2023-des-young-leaders-de-la-french-african-foundation-devoile\/\"]}]},{\"@type\":\"ImageObject\",\"inLanguage\":\"en-US\",\"@id\":\"https:\/\/french-african.org\/le-palmares-2023-des-young-leaders-de-la-french-african-foundation-devoile\/#primaryimage\",\"url\":\"https:\/\/french-african.org\/wp-content\/uploads\/2025\/01\/youg-leaders-french-african-foundation.png\",\"contentUrl\":\"https:\/\/french-african.org\/wp-content\/uploads\/2025\/01\/youg-leaders-french-african-foundation.png\",\"width\":664,\"height\":306},{\"@type\":\"BreadcrumbList\",\"@id\":\"https:\/\/french-african.org\/le-palmares-2023-des-young-leaders-de-la-french-african-foundation-devoile\/#breadcrumb\",\"itemListElement\":[{\"@type\":\"ListItem\",\"position\":1,\"name\":\"Accueil\",\"item\":\"https:\/\/french-african.org\/\"},{\"@type\":\"ListItem\",\"position\":2,\"name\":\"Le palmar\u00e8s 2023 des Young Leaders de la French-African Foundation d\u00e9voil\u00e9 !\"}]},{\"@type\":\"WebSite\",\"@id\":\"https:\/\/french-african.org\/#website\",\"url\":\"https:\/\/french-african.org\/\",\"name\":\"French African Foundation\",\"description\":\"\",\"publisher\":{\"@id\":\"https:\/\/french-african.org\/#organization\"},\"potentialAction\":[{\"@type\":\"SearchAction\",\"target\":{\"@type\":\"EntryPoint\",\"urlTemplate\":\"https:\/\/french-african.org\/?s={search_term_string}\"},\"query-input\":{\"@type\":\"PropertyValueSpecification\",\"valueRequired\":true,\"valueName\":\"search_term_string\"}}],\"inLanguage\":\"en-US\"},{\"@type\":\"Organization\",\"@id\":\"https:\/\/french-african.org\/#organization\",\"name\":\"French African Foundation\",\"url\":\"https:\/\/french-african.org\/\",\"logo\":{\"@type\":\"ImageObject\",\"inLanguage\":\"en-US\",\"@id\":\"https:\/\/french-african.org\/#\/schema\/logo\/image\/\",\"url\":\"https:\/\/french-african.org\/wp-content\/uploads\/2024\/12\/logo_fond.svg\",\"contentUrl\":\"https:\/\/french-african.org\/wp-content\/uploads\/2024\/12\/logo_fond.svg\",\"width\":380,\"height\":155,\"caption\":\"French African Foundation\"},\"image\":{\"@id\":\"https:\/\/french-african.org\/#\/schema\/logo\/image\/\"},\"sameAs\":[\"https:\/\/x.com\/french_african\",\"https:\/\/www.instagram.com\/frenchafricanfoundation\/\",\"https:\/\/www.linkedin.com\/company\/french-african-foundation\/\",\"https:\/\/www.youtube.com\/channel\/UCoiaGOMM4HW2hAjL2VsPhrw\/\"]},{\"@type\":\"Person\",\"@id\":\"https:\/\/french-african.org\/#\/schema\/person\/b3ebf0a7161804733626ea25a8ab8854\",\"name\":\"Constance Chanou\",\"image\":{\"@type\":\"ImageObject\",\"inLanguage\":\"en-US\",\"@id\":\"https:\/\/french-african.org\/#\/schema\/person\/image\/\",\"url\":\"https:\/\/secure.gravatar.com\/avatar\/94c51681a98cfa0305c14cdb9e22df366c3e0752fef630444a95928bd032d917?s=96&d=mm&r=g\",\"contentUrl\":\"https:\/\/secure.gravatar.com\/avatar\/94c51681a98cfa0305c14cdb9e22df366c3e0752fef630444a95928bd032d917?s=96&d=mm&r=g\",\"caption\":\"Constance Chanou\"},\"url\":\"https:\/\/french-african.org\/en\/author\/constance\/\"}]}<\/script>\n<!-- \/ Yoast SEO plugin. -->","yoast_head_json":{"title":"Le palmar\u00e8s 2023 des Young Leaders de la French-African Foundation d\u00e9voil\u00e9 ! - French African Foundation","robots":{"index":"index","follow":"follow","max-snippet":"max-snippet:-1","max-image-preview":"max-image-preview:large","max-video-preview":"max-video-preview:-1"},"canonical":"https:\/\/french-african.org\/en\/le-palmares-2023-des-young-leaders-de-la-french-african-foundation-devoile\/","og_locale":"en_US","og_type":"article","og_title":"Le palmar\u00e8s 2023 des Young Leaders de la French-African Foundation d\u00e9voil\u00e9 ! - French African Foundation","og_description":"Le 16 mai, la French-African Foundation (FAF) a pr\u00e9sent\u00e9 les 30 laur\u00e9ats du programme Young Leaders 2023, lors du Forum Europe-Afrique organis\u00e9 par le groupe La Tribune, \u00e0 Marseille. H\u00e9t\u00e9roclite et paritaire, ce palmar\u00e8s r\u00e9v\u00e8le les derni\u00e8res p\u00e9pites d&rsquo;une initiative plac\u00e9e cette ann\u00e9e sous le double patronage de l&rsquo;\u00c9lys\u00e9e et de la pr\u00e9sidence du Rwanda.","og_url":"https:\/\/french-african.org\/en\/le-palmares-2023-des-young-leaders-de-la-french-african-foundation-devoile\/","og_site_name":"French African Foundation","article_published_time":"2024-05-19T12:00:58+00:00","article_modified_time":"2025-02-03T11:54:55+00:00","og_image":[{"width":664,"height":306,"url":"https:\/\/french-african.org\/wp-content\/uploads\/2025\/01\/youg-leaders-french-african-foundation.png","type":"image\/png"}],"author":"Constance Chanou","twitter_card":"summary_large_image","twitter_creator":"@french_african","twitter_site":"@french_african","twitter_misc":{"Written by":"Constance Chanou","Est. reading time":"1 minute"},"schema":{"@context":"https:\/\/schema.org","@graph":[{"@type":"Article","@id":"https:\/\/french-african.org\/le-palmares-2023-des-young-leaders-de-la-french-african-foundation-devoile\/#article","isPartOf":{"@id":"https:\/\/french-african.org\/le-palmares-2023-des-young-leaders-de-la-french-african-foundation-devoile\/"},"author":{"name":"Constance Chanou","@id":"https:\/\/french-african.org\/#\/schema\/person\/b3ebf0a7161804733626ea25a8ab8854"},"headline":"Le palmar\u00e8s 2023 des Young Leaders de la French-African Foundation d\u00e9voil\u00e9 !","datePublished":"2024-05-19T12:00:58+00:00","dateModified":"2025-02-03T11:54:55+00:00","mainEntityOfPage":{"@id":"https:\/\/french-african.org\/le-palmares-2023-des-young-leaders-de-la-french-african-foundation-devoile\/"},"wordCount":78,"commentCount":0,"publisher":{"@id":"https:\/\/french-african.org\/#organization"},"image":{"@id":"https:\/\/french-african.org\/le-palmares-2023-des-young-leaders-de-la-french-african-foundation-devoile\/#primaryimage"},"thumbnailUrl":"https:\/\/french-african.org\/wp-content\/uploads\/2025\/01\/youg-leaders-french-african-foundation.png","keywords":["Presse"],"articleSection":["Non class\u00e9"],"inLanguage":"en-US"},{"@type":"WebPage","@id":"https:\/\/french-african.org\/le-palmares-2023-des-young-leaders-de-la-french-african-foundation-devoile\/","url":"https:\/\/french-african.org\/le-palmares-2023-des-young-leaders-de-la-french-african-foundation-devoile\/","name":"Le palmar\u00e8s 2023 des Young Leaders de la French-African Foundation d\u00e9voil\u00e9 ! - French African Foundation","isPartOf":{"@id":"https:\/\/french-african.org\/#website"},"primaryImageOfPage":{"@id":"https:\/\/french-african.org\/le-palmares-2023-des-young-leaders-de-la-french-african-foundation-devoile\/#primaryimage"},"image":{"@id":"https:\/\/french-african.org\/le-palmares-2023-des-young-leaders-de-la-french-african-foundation-devoile\/#primaryimage"},"thumbnailUrl":"https:\/\/french-african.org\/wp-content\/uploads\/2025\/01\/youg-leaders-french-african-foundation.png","datePublished":"2024-05-19T12:00:58+00:00","dateModified":"2025-02-03T11:54:55+00:00","breadcrumb":{"@id":"https:\/\/french-african.org\/le-palmares-2023-des-young-leaders-de-la-french-african-foundation-devoile\/#breadcrumb"},"inLanguage":"en-US","potentialAction":[{"@type":"ReadAction","target":["https:\/\/french-african.org\/le-palmares-2023-des-young-leaders-de-la-french-african-foundation-devoile\/"]}]},{"@type":"ImageObject","inLanguage":"en-US","@id":"https:\/\/french-african.org\/le-palmares-2023-des-young-leaders-de-la-french-african-foundation-devoile\/#primaryimage","url":"https:\/\/french-african.org\/wp-content\/uploads\/2025\/01\/youg-leaders-french-african-foundation.png","contentUrl":"https:\/\/french-african.org\/wp-content\/uploads\/2025\/01\/youg-leaders-french-african-foundation.png","width":664,"height":306},{"@type":"BreadcrumbList","@id":"https:\/\/french-african.org\/le-palmares-2023-des-young-leaders-de-la-french-african-foundation-devoile\/#breadcrumb","itemListElement":[{"@type":"ListItem","position":1,"name":"Accueil","item":"https:\/\/french-african.org\/"},{"@type":"ListItem","position":2,"name":"Le palmar\u00e8s 2023 des Young Leaders de la French-African Foundation d\u00e9voil\u00e9 !"}]},{"@type":"WebSite","@id":"https:\/\/french-african.org\/#website","url":"https:\/\/french-african.org\/","name":"French African Foundation","description":"","publisher":{"@id":"https:\/\/french-african.org\/#organization"},"potentialAction":[{"@type":"SearchAction","target":{"@type":"EntryPoint","urlTemplate":"https:\/\/french-african.org\/?s={search_term_string}"},"query-input":{"@type":"PropertyValueSpecification","valueRequired":true,"valueName":"search_term_string"}}],"inLanguage":"en-US"},{"@type":"Organization","@id":"https:\/\/french-african.org\/#organization","name":"French African Foundation","url":"https:\/\/french-african.org\/","logo":{"@type":"ImageObject","inLanguage":"en-US","@id":"https:\/\/french-african.org\/#\/schema\/logo\/image\/","url":"https:\/\/french-african.org\/wp-content\/uploads\/2024\/12\/logo_fond.svg","contentUrl":"https:\/\/french-african.org\/wp-content\/uploads\/2024\/12\/logo_fond.svg","width":380,"height":155,"caption":"French African Foundation"},"image":{"@id":"https:\/\/french-african.org\/#\/schema\/logo\/image\/"},"sameAs":["https:\/\/x.com\/french_african","https:\/\/www.instagram.com\/frenchafricanfoundation\/","https:\/\/www.linkedin.com\/company\/french-african-foundation\/","https:\/\/www.youtube.com\/channel\/UCoiaGOMM4HW2hAjL2VsPhrw\/"]},{"@type":"Person","@id":"https:\/\/french-african.org\/#\/schema\/person\/b3ebf0a7161804733626ea25a8ab8854","name":"Constance Chanou","image":{"@type":"ImageObject","inLanguage":"en-US","@id":"https:\/\/french-african.org\/#\/schema\/person\/image\/","url":"https:\/\/secure.gravatar.com\/avatar\/94c51681a98cfa0305c14cdb9e22df366c3e0752fef630444a95928bd032d917?s=96&d=mm&r=g","contentUrl":"https:\/\/secure.gravatar.com\/avatar\/94c51681a98cfa0305c14cdb9e22df366c3e0752fef630444a95928bd032d917?s=96&d=mm&r=g","caption":"Constance Chanou"},"url":"https:\/\/french-african.org\/en\/author\/constance\/"}]}},"_links":{"self":[{"href":"https:\/\/french-african.org\/en\/wp-json\/wp\/v2\/posts\/881","targetHints":{"allow":["GET"]}}],"collection":[{"href":"https:\/\/french-african.org\/en\/wp-json\/wp\/v2\/posts"}],"about":[{"href":"https:\/\/french-african.org\/en\/wp-json\/wp\/v2\/types\/post"}],"author":[{"embeddable":true,"href":"https:\/\/french-african.org\/en\/wp-json\/wp\/v2\/users\/3"}],"replies":[{"embeddable":true,"href":"https:\/\/french-african.org\/en\/wp-json\/wp\/v2\/comments?post=881"}],"version-history":[{"count":3,"href":"https:\/\/french-african.org\/en\/wp-json\/wp\/v2\/posts\/881\/revisions"}],"predecessor-version":[{"id":935,"href":"https:\/\/french-african.org\/en\/wp-json\/wp\/v2\/posts\/881\/revisions\/935"}],"wp:featuredmedia":[{"embeddable":true,"href":"https:\/\/french-african.org\/en\/wp-json\/wp\/v2\/media\/883"}],"wp:attachment":[{"href":"https:\/\/french-african.org\/en\/wp-json\/wp\/v2\/media?parent=881"}],"wp:term":[{"taxonomy":"category","embeddable":true,"href":"https:\/\/french-african.org\/en\/wp-json\/wp\/v2\/categories?post=881"},{"taxonomy":"post_tag","embeddable":true,"href":"https:\/\/french-african.org\/en\/wp-json\/wp\/v2\/tags?post=881"}],"curies":[{"name":"wp","href":"https:\/\/api.w.org\/{rel}","templated":true}]}}